{"id":8862,"date":"2018-06-07T12:00:08","date_gmt":"2018-06-07T10:00:08","guid":{"rendered":"https:\/\/www.agrosmartglobal.eu\/?p=8862"},"modified":"2018-11-08T12:15:45","modified_gmt":"2018-11-08T11:15:45","slug":"em-maio-celebrou-se-a-2a-edicao-do-forum-transnacional-agrosmartcoop-de-nouvelle-aquitaine","status":"publish","type":"post","link":"https:\/\/www.agrosmartglobal.eu\/pt-pt\/2018\/06\/07\/em-maio-celebrou-se-a-2a-edicao-do-forum-transnacional-agrosmartcoop-de-nouvelle-aquitaine\/","title":{"rendered":"Em Maio celebrou-se a 2\u00aa edi\u00e7\u00e3o do Forum Transnacional Agrosmartcoop de Nouvelle Aquitaine"},"content":{"rendered":"<ul>\n<li><span style=\"font-family: 'trebuchet ms', geneva, sans-serif;\"><strong>De 15 a 18 de Maio de 2018, AREPO \u2013 Associa\u00e7\u00e3o das Regi\u00f5es Europeias dos produtores de origen \u2013 Entidade Coordenadora da 2\u00aa edi\u00e7\u00e3o do f\u00f3rum transnacional AGROSMARTcoop em Nouvelle Aquitaine, f\u00f3rum dedicado \u00e0s cooperativas agroalimentares para refor\u00e7ar a inova\u00e7\u00e3o, competitividade e a intercoopera\u00e7\u00e3o. <\/strong><\/span><\/li>\n<\/ul>\n<p style=\"background: white; vertical-align: baseline; margin: 0cm 0cm 15.0pt 0cm;\"><span style=\"font-family: 'trebuchet ms', geneva, sans-serif;\">O evento foi organizado em colabora\u00e7\u00e3o com as coperativas de Fran\u00e7a de Nouvelle Aquitaine para a sua participa\u00e7\u00e3o no sal\u00e3o da Agricultura Nouvelle Aquitaine. Cooperativas, Federa\u00e7\u00f5es e Investigadores deslocaram-se desde Espanha, Portugal e Nouvelle Aquitaine para participar. <\/span><\/p>\n<p><span style=\"font-family: 'trebuchet ms', geneva, sans-serif;\">O Forum Transnacional come\u00e7ou na quarta feira pela manh\u00e3 com a celebra\u00e7\u00e3o da vig\u00e9sima edi\u00e7\u00e3o das Assisse de Origem organizadas em associa\u00e7\u00e3o com AREPO. O tema este ano \u201cAs ambi\u00e7\u00f5es das pol\u00edticas de qualidade e origen na PAC p\u00f3s 2010\u201d se elegeu para cumprir os objetivos do projeto<\/span><\/p>\n<p><span style=\"font-family: 'trebuchet ms', geneva, sans-serif;\">Foi efetuada a apresenta\u00e7\u00e3o do calend\u00e1rio pol\u00edtico da PAC por Marc S\u00e9verac, chefe de gabinete da Uni\u00e3o Europeia do Ministro Franc\u00eas da Agricultura. Seguiu-se um debate articulado em torno dos pilares da PAC durante o qual o eurodeputado Jean Paul Denanot, membro da Comiss\u00e3o de Agricultura e Desenvolvimento Rural do parlamento Europeu falou enquanto testemunho das.<\/span><\/p>\n<p><span style=\"font-family: 'trebuchet ms', geneva, sans-serif;\">A primeira mesa redonda sobre organiza\u00e7\u00e3o de mercados para produtos de qualidade e origem destacou a necesidades de proteger cada vez mais este tipo de produtos com a manuten\u00e7\u00e3o do pressuposto da PAC e o principio e subsidriedade e regionaliza\u00e7\u00e3o da maior parte dos instrumentos da PAC.<\/span><\/p>\n<p><span style=\"font-family: 'trebuchet ms', geneva, sans-serif;\">A segunda mesa redonda referiu o impacto da qualidade dos produtos de origen na atividade, o emprego e o dinamismo das zonas rurais e a necessidades de uma forte prioridade horizontale a integra\u00e7\u00e3o de grupos de produtores dentro da nova PAC, apresentado pela apresenta\u00e7\u00e3o de Simona Caselli, Ministra da Agricultura de Emilia-Romagna e membro da AREPO.<\/span><\/p>\n<p><span style=\"font-family: 'trebuchet ms', geneva, sans-serif;\">Jos\u00e9 Severino P\u00e9rez, presidente de AGACA \u2013 Associa\u00e7\u00e3o Galega de Cooperativas e entidade coordinadora do projeto, conclui durante a manh\u00e3 com a apresenta\u00e7\u00e3o do projeto AGROSMARTcoop sobre o servi\u00e7o de qualidade e as pol\u00edticas de origen.<\/span><\/p>\n<p><span style=\"font-family: 'trebuchet ms', geneva, sans-serif;\">Na quinta feira de tarde, realizamos as atividades de intercoopera\u00e7\u00e3o para a inova\u00e7\u00e3o e competitividade das cooperativas agroalimentares de Sudoe.<\/span><\/p>\n<p><span style=\"font-family: 'trebuchet ms', geneva, sans-serif;\">Pudemos testemunhar as ricas interven\u00e7\u00f5es dos especialistas e cooperativas sobre as suas boas pr\u00e1ticas em eco-marketing e eco-inova\u00e7\u00e3o, na apresenta\u00e7\u00e3o de ferramentas competitivas como indica\u00e7\u00f5es geogr\u00e1ficas ao servi\u00e7o das cooperativas com Catherine Oggero do INAO \u2013 Instituo Nacional de Origem e Qualidade \u2013 o RSE ( Responsabilidade Social Empresarial) com Laurent L\u00e9v\u00eaque de Coop de France Nouvelle-Aquitaine.<\/span><\/p>\n<p><span style=\"font-family: 'trebuchet ms', geneva, sans-serif;\">Na sexta feira pela manh\u00e3 deslocamo-nos at\u00e9 \u00e0s adegas cooperativas \u201cLes Vignerons de Buzet\u201d, muito envolvida com a eco-inova\u00e7\u00e3o e a RSE. Pudemos descubrir as t\u00e9cnicas eco-innovadoras da cooperativa com o seu sistema \u00fanico de purifica\u00e7\u00e3o ecol\u00f3gica na Europa, o seu enfoque para proteger esp\u00e9ciese m perigo de extin\u00e7\u00e3o e suas limita\u00e7\u00f5es na utiliza\u00e7\u00e3o de qu\u00edmicos entre outros. Esta foi seguida por outra visita a uma outra Adega com degusta\u00e7\u00e3o comentada de vinhos.<\/span><\/p>\n<p><span style=\"font-family: 'trebuchet ms', geneva, sans-serif;\">A tarde foi dedicada \u00e0 inaugura\u00e7\u00e3o do stand da Cooperativa France Nouvelle Aquitaine no sal\u00e3o da Agricultura onde Denis Baro, presidente da Coop. De France Nouvelle-Aquitaine, Jean Pierre Raynaud, vice-presidente do Conselho Regional de Nouvelle-Aquitaine, Dominique Graciet y Bruno Millet, respectivamente Presidente e Diretor da C\u00e2mara Regional da Agricultura de Nouvelle-Aquitaine, tomaram a palavra para agradecer aos s\u00f3cios e cooperativas a sua presen\u00e7a, para apresentar a riqueza da agricultura em Nouvelle-Aquitaine e fomentar a coopera\u00e7\u00e3o inter-regional. A inaugura\u00e7\u00e3o do stand foi tamb\u00e9m uma oportunidade para a Coop de France Nouvelle-Aquitaine e os diferentes parceiros espanh\u00f3is e portugueses para organizar uma degusta\u00e7\u00e3o dos seus produtos cooperativos sob os sinais oficiais da qualidade e origen com o fim de descubrir a diversidade e riqueza do seu terreno.<\/span><\/p>\n<p><span style=\"font-family: 'trebuchet ms', geneva, sans-serif;\">No dia 18 de Maio, \u00faltimo dia do f\u00f3rum, os parceiros e cooperativas visitaram a adega \u201cLes Vignerons\u00a0d\u2019UniM\u00e9doc\u201d. Descubriram as boas pr\u00e1ticas da cooperativa em termos de comercializa\u00e7\u00e3o inteligente e eco-inova\u00e7\u00e3o com uma degusta\u00e7\u00e3o comentada de vinho acompanhada de um espet\u00e1culo de som e luz na Adega, mostrando a vontade da cooperativa diversificar em dire\u00e7\u00e3o ao enoturismo.<\/span><\/p>\n<p><span style=\"font-family: 'trebuchet ms', geneva, sans-serif;\">O Forum permitiu a todos os parceiros do AGROSMARTcoop e suas cooperativas descubrir a diversidade e a qualidade das boas pr\u00e1ticas em eco-inova\u00e7\u00e3o e comercializa\u00e7\u00e3o inteligente das cooperativas agroalimentares de Nouvelle-Aquitaine, e refor\u00e7ar a intercoopera\u00e7\u00e3o entre regi\u00f5es vizinhas da europa estimulando o interesse destes intercambios para impulsionar a competitividade das suas cooperativas<\/span><\/p>\n","protected":false},"excerpt":{"rendered":"<p>De 15 a 18 de Maio de 2018, AREPO \u2013 Associa\u00e7\u00e3o das Regi\u00f5es Europeias dos produtores de origen \u2013 Entidade Coordenadora da 2\u00aa edi\u00e7\u00e3o do f\u00f3rum transnacional AGROSMARTcoop em Nouvelle Aquitaine, f\u00f3rum dedicado \u00e0s cooperativas agroalimentares para refor\u00e7ar a inova\u00e7\u00e3o, competitividade e a intercoopera\u00e7\u00e3o. O evento foi organizado em colabora\u00e7\u00e3o com as coperativas de Fran\u00e7a [&hellip;]<\/p>\n","protected":false},"author":2,"featured_media":7963,"comment_status":"open","ping_status":"open","sticky":false,"template":"","format":"standard","meta":{"_bbp_topic_count":0,"_bbp_reply_count":0,"_bbp_total_topic_count":0,"_bbp_total_reply_count":0,"_bbp_voice_count":0,"_bbp_anonymous_reply_count":0,"_bbp_topic_count_hidden":0,"_bbp_reply_count_hidden":0,"_bbp_forum_subforum_count":0},"categories":[4],"tags":[],"_links":{"self":[{"href":"https:\/\/www.agrosmartglobal.eu\/pt-pt\/wp-json\/wp\/v2\/posts\/8862"}],"collection":[{"href":"https:\/\/www.agrosmartglobal.eu\/pt-pt\/wp-json\/wp\/v2\/posts"}],"about":[{"href":"https:\/\/www.agrosmartglobal.eu\/pt-pt\/wp-json\/wp\/v2\/types\/post"}],"author":[{"embeddable":true,"href":"https:\/\/www.agrosmartglobal.eu\/pt-pt\/wp-json\/wp\/v2\/users\/2"}],"replies":[{"embeddable":true,"href":"https:\/\/www.agrosmartglobal.eu\/pt-pt\/wp-json\/wp\/v2\/comments?post=8862"}],"version-history":[{"count":2,"href":"https:\/\/www.agrosmartglobal.eu\/pt-pt\/wp-json\/wp\/v2\/posts\/8862\/revisions"}],"predecessor-version":[{"id":8864,"href":"https:\/\/www.agrosmartglobal.eu\/pt-pt\/wp-json\/wp\/v2\/posts\/8862\/revisions\/8864"}],"wp:featuredmedia":[{"embeddable":true,"href":"https:\/\/www.agrosmartglobal.eu\/pt-pt\/wp-json\/wp\/v2\/media\/7963"}],"wp:attachment":[{"href":"https:\/\/www.agrosmartglobal.eu\/pt-pt\/wp-json\/wp\/v2\/media?parent=8862"}],"wp:term":[{"taxonomy":"category","embeddable":true,"href":"https:\/\/www.agrosmartglobal.eu\/pt-pt\/wp-json\/wp\/v2\/categories?post=8862"},{"taxonomy":"post_tag","embeddable":true,"href":"https:\/\/www.agrosmartglobal.eu\/pt-pt\/wp-json\/wp\/v2\/tags?post=8862"}],"curies":[{"name":"wp","href":"https:\/\/api.w.org\/{rel}","templated":true}]}}