{"id":4305,"date":"2017-10-11T13:58:29","date_gmt":"2017-10-11T11:58:29","guid":{"rendered":"https:\/\/www.agrosmartglobal.eu\/pt-pt\/?p=4305"},"modified":"2017-10-23T17:52:20","modified_gmt":"2017-10-23T15:52:20","slug":"agrosmartcoop-esteve-na-agrosemana","status":"publish","type":"post","link":"https:\/\/www.agrosmartglobal.eu\/pt-pt\/2017\/10\/11\/agrosmartcoop-esteve-na-agrosemana\/","title":{"rendered":"AGROSMARTCOOP esteve na AGROSEMANA"},"content":{"rendered":"<p>Realizou-se nos dias 31 de Agosto e 1 de Setembro, no espa\u00e7o AGROS, em Vila do Conde, um novo encontro de trabalho no \u00e2mbito do projecto AGROSMARTcoop e que contou com a participa\u00e7\u00e3o de uma equipa da UTAD conjuntamente com os seus parceiros espanh\u00f3is e franceses.<br \/>\n<img loading=\"lazy\" src=\"https:\/\/www.agrosmartglobal.eu\/wp-content\/uploads\/2017\/10\/20170901-agrosmart_agrosemana_reunion1.png\" width=\"300\" height=\"169\" class=\"alignnone size-medium wp-image-4297\" \/><\/p>\n<p><img loading=\"lazy\" src=\"https:\/\/www.agrosmartglobal.eu\/wp-content\/uploads\/2017\/10\/20170901-agrosmart_agrosemana_reunion2.png\" width=\"300\" height=\"169\" class=\"alignnone size-medium wp-image-4297\" \/><\/p>\n<p>O objectivo deste encontro foi discutir, atrav\u00e9s de focus group, os fatores cr\u00edticos de sucesso, as estrat\u00e9gias de comercializa\u00e7\u00e3o e marketing inteligente e as pr\u00e1ticas de inova\u00e7\u00e3o em cada fileira do sector cooperativo, convidando-se para o efeito dirigentes das cooperativas e ainda diversos stakeholders de cinco fileiras Agroalimentares.<\/p>\n<p><img loading=\"lazy\" src=\"https:\/\/www.agrosmartglobal.eu\/wp-content\/uploads\/2017\/09\/20170831-agrosmart_agrosemana_presi_min-agri_Portugal_wb-300x169.jpg\" alt=\"\" width=\"300\" height=\"169\" class=\"alignnone size-medium wp-image-4297\" srcset=\"https:\/\/www.agrosmartglobal.eu\/wp-content\/uploads\/2017\/09\/20170831-agrosmart_agrosemana_presi_min-agri_Portugal_wb-300x169.jpg 300w, https:\/\/www.agrosmartglobal.eu\/wp-content\/uploads\/2017\/09\/20170831-agrosmart_agrosemana_presi_min-agri_Portugal_wb-768x432.jpg 768w, https:\/\/www.agrosmartglobal.eu\/wp-content\/uploads\/2017\/09\/20170831-agrosmart_agrosemana_presi_min-agri_Portugal_wb-1024x576.jpg 1024w, https:\/\/www.agrosmartglobal.eu\/wp-content\/uploads\/2017\/09\/20170831-agrosmart_agrosemana_presi_min-agri_Portugal_wb.jpg 1600w\" sizes=\"(max-width: 300px) 100vw, 300px\" \/><\/p>\n<p>A Feira da Agrosemana, evento promovido pela AGROS, foi uma excelente oportunidade para promover o projecto AGROSMARTcoop junto das cooperativas e seus associado, contando com o importante apoio dos v\u00e1rios parceiros como a UTAD, Uninorte, AGACA, CICYTEX, CACLM e FCAE.<\/p>\n","protected":false},"excerpt":{"rendered":"<p>Realizou-se nos dias 31 de Agosto e 1 de Setembro, no espa\u00e7o AGROS, em Vila do Conde, um novo encontro de trabalho no \u00e2mbito do projecto AGROSMARTcoop e que contou com a participa\u00e7\u00e3o de uma equipa da UTAD conjuntamente com os seus parceiros espanh\u00f3is e franceses. O objectivo deste encontro foi discutir, atrav\u00e9s de focus [&hellip;]<\/p>\n","protected":false},"author":2,"featured_media":4297,"comment_status":"open","ping_status":"open","sticky":false,"template":"","format":"standard","meta":{"_bbp_topic_count":0,"_bbp_reply_count":0,"_bbp_total_topic_count":0,"_bbp_total_reply_count":0,"_bbp_voice_count":0,"_bbp_anonymous_reply_count":0,"_bbp_topic_count_hidden":0,"_bbp_reply_count_hidden":0,"_bbp_forum_subforum_count":0},"categories":[4],"tags":[],"_links":{"self":[{"href":"https:\/\/www.agrosmartglobal.eu\/pt-pt\/wp-json\/wp\/v2\/posts\/4305"}],"collection":[{"href":"https:\/\/www.agrosmartglobal.eu\/pt-pt\/wp-json\/wp\/v2\/posts"}],"about":[{"href":"https:\/\/www.agrosmartglobal.eu\/pt-pt\/wp-json\/wp\/v2\/types\/post"}],"author":[{"embeddable":true,"href":"https:\/\/www.agrosmartglobal.eu\/pt-pt\/wp-json\/wp\/v2\/users\/2"}],"replies":[{"embeddable":true,"href":"https:\/\/www.agrosmartglobal.eu\/pt-pt\/wp-json\/wp\/v2\/comments?post=4305"}],"version-history":[{"count":1,"href":"https:\/\/www.agrosmartglobal.eu\/pt-pt\/wp-json\/wp\/v2\/posts\/4305\/revisions"}],"predecessor-version":[{"id":4308,"href":"https:\/\/www.agrosmartglobal.eu\/pt-pt\/wp-json\/wp\/v2\/posts\/4305\/revisions\/4308"}],"wp:featuredmedia":[{"embeddable":true,"href":"https:\/\/www.agrosmartglobal.eu\/pt-pt\/wp-json\/wp\/v2\/media\/4297"}],"wp:attachment":[{"href":"https:\/\/www.agrosmartglobal.eu\/pt-pt\/wp-json\/wp\/v2\/media?parent=4305"}],"wp:term":[{"taxonomy":"category","embeddable":true,"href":"https:\/\/www.agrosmartglobal.eu\/pt-pt\/wp-json\/wp\/v2\/categories?post=4305"},{"taxonomy":"post_tag","embeddable":true,"href":"https:\/\/www.agrosmartglobal.eu\/pt-pt\/wp-json\/wp\/v2\/tags?post=4305"}],"curies":[{"name":"wp","href":"https:\/\/api.w.org\/{rel}","templated":true}]}}