{"id":7965,"date":"2018-06-07T13:23:04","date_gmt":"2018-06-07T11:23:04","guid":{"rendered":"https:\/\/www.agrosmartglobal.eu\/?p=7965"},"modified":"2018-06-07T13:26:54","modified_gmt":"2018-06-07T11:26:54","slug":"la-2eme-edition-du-forum-transnational-agrosmartcoop-a-eu-lieu-en-mai-en-nouvelle-aquitaine","status":"publish","type":"post","link":"https:\/\/www.agrosmartglobal.eu\/fr\/2018\/06\/07\/la-2eme-edition-du-forum-transnational-agrosmartcoop-a-eu-lieu-en-mai-en-nouvelle-aquitaine\/","title":{"rendered":"La 2\u00e8me \u00e9dition du Forum Transnational AGROSMARTcoop a eu lieu en Mai en Nouvelle-Aquitaine"},"content":{"rendered":"<ul>\n<li><strong>Du 15 au 18 mai 2018, l&rsquo;AREPO &#8211; Association des R\u00e9gions Europ\u00e9ennes des Produits d&rsquo;Origine &#8211; a coordonn\u00e9 la 2\u00e8me \u00e9dition\u00a0du Forum Transnational AGROSMARTcoop en Nouvelle-Aquitaine, le forum d\u00e9di\u00e9 aux coop\u00e9ratives agroalimentaires pour\u00a0renforcer l\u2019innovation, la comp\u00e9titivit\u00e9 et l\u2019intercoop\u00e9ration. <\/strong><\/li>\n<\/ul>\n<p>L\u2019\u00e9v\u00e9nement a \u00e9t\u00e9 organis\u00e9 en collaboration avec Coop de France\u00a0Nouvelle-Aquitaine pour la participation au Salon de l\u2019Agriculture Nouvelle-Aquitaine. Des coop\u00e9ratives, des f\u00e9d\u00e9rations de\u00a0coop\u00e9ratives et des chercheurs se sont d\u00e9plac\u00e9s d\u2019Espagne, du Portugal et de Nouvelle-Aquitaine pour y participer.<\/p>\n<p>Pour rappel, le projet AGROSMARTcoop \u00ab Espace pour l&rsquo;int\u00e9gration, la comp\u00e9titivit\u00e9 et la croissance \u00e9conomique intelligente\u00a0des coop\u00e9ratives agroalimentaires de l\u2019espace rural Sudoe \u00bb est un projet europ\u00e9en cofinanc\u00e9 \u00e0 75% par le programme\u00a0Interreg Sudoe qui vise \u00e0 redynamiser les zones rurales du Sud-Ouest europ\u00e9en par le soutien et l\u2019am\u00e9lioration de la\u00a0comp\u00e9titivit\u00e9 de ses coop\u00e9ratives agroalimentaires.<\/p>\n<p>Le Forum Transnational a d\u00e9but\u00e9 mercredi matin avec la tenue de la 20\u00e8me \u00e9dition des Assises de l\u2019Origine organis\u00e9e en\u00a0partenariat avec l\u2019AREPO. Le th\u00e8me de cette ann\u00e9e \u00ab Les ambitions des politiques de qualit\u00e9 et d\u2019origine dans la PAC post\u00a02020 \u00bb a \u00e9t\u00e9 choisi pour r\u00e9pondre aux objectifs du projet AGROSMARTcoop. La pr\u00e9sentation du calendrier politique de la PAC\u00a0par Marc S\u00e9verac, Chef du Bureau de l\u2019Union europ\u00e9enne au sein du Minist\u00e8re fran\u00e7ais de l\u2019Agriculture, a \u00e9t\u00e9 suivie d\u2019un d\u00e9bat\u00a0articul\u00e9 autour des deux piliers de la PAC lors duquel le MEP Jean-Paul Denanot, Membre de la Commission de l\u2019Agriculture\u00a0et du D\u00e9veloppement Rural du Parlement europ\u00e9en, est intervenu en tant que grand t\u00e9moin des Assises.<\/p>\n<p>La premi\u00e8re table ronde sur l\u2019organisation des march\u00e9s pour les produits de qualit\u00e9 et d\u2019origine a mis en exergue la n\u00e9cessit\u00e9\u00a0de prot\u00e9ger davantage ces produits avec le maintien du budget de la PAC et du principe de subsidiarit\u00e9 et la r\u00e9gionalisation\u00a0de la plus grande partie des instruments de la PAC. La seconde table ronde a soulign\u00e9 l\u2019impact des produits de qualit\u00e9 et\u00a0d\u2019origine sur l\u2019activit\u00e9, l\u2019emploi et le dynamisme des zones rurales et la n\u00e9cessit\u00e9 d\u2019une forte priorit\u00e9 horizontale et de\u00a0l\u2019int\u00e9gration d\u2019un soutien aux groupes de producteurs au sein de la nouvelle PAC, illustr\u00e9 par la prise de parole de Simona Caselli, Ministre de l\u2019Agriculture d\u2019Emilie-Romagne et membre de l\u2019AREPO.<\/p>\n<p>Jos\u00e9 Severino Montes P\u00e9rez, Pr\u00e9sident d&rsquo;AGACA &#8211; Union des coop\u00e9ratives agroalimentaires de Galice et entit\u00e9 coordinatrice\u00a0du projet, a conclu la matin\u00e9e par la pr\u00e9sentation du projet AGROSMARTcoop au service des politiques de qualit\u00e9 et d\u2019origine.<\/p>\n<p>Le mercredi apr\u00e8s-midi, nous avons tenu nos ateliers d\u2019intercoop\u00e9ration pour l\u2019innovation et\u00a0la comp\u00e9titivit\u00e9 des coop\u00e9ratives agroalimentaires du Sudoe. Nous avons pu assister \u00e0 des\u00a0interventions riches d\u2019experts et de coop\u00e9ratives sur leurs bonnes pratiques en\u00a0\u00e9co-marketing et \u00e9co-innovation, \u00e0 la pr\u00e9sentation d\u2019outils comp\u00e9titifs tels que les\u00a0indications g\u00e9ographiques au service des coop\u00e9ratives avec Catherine Oggero de l\u2019INAO &#8211;\u00a0Institut National de l&rsquo;origine et de la qualit\u00e9 &#8211;\u00a0ou la RSE (Responsabilit\u00e9 Soci\u00e9tales des Entreprises) avec Laurent L\u00e9v\u00eaque de Coop de France Nouvelle-Aquitaine.<\/p>\n<p>Le jeudi matin, direction la cave coop\u00e9rative \u201cLes Vignerons de Buzet\u201c, tr\u00e8s investie dans l\u2019\u00e9co-innovation et la RSE. Nous\u00a0avons notamment pu d\u00e9couvrir les techniques \u00e9co-innovantes de la coop\u00e9rative avec son syst\u00e8me d\u2019\u00e9co-\u00e9puration unique en\u00a0Europe, sa d\u00e9marche de protection d\u2019esp\u00e8ces menac\u00e9es et sa limitation d\u2019intrants chimiques, entre autres. S\u2019en est suivie une\u00a0visite de leur chai, puis une d\u00e9gustation comment\u00e9e de leur vin.<\/p>\n<p>L\u2019apr\u00e8s-midi s\u2019est consacr\u00e9e \u00e0 l\u2019inauguration du stand de Coop de France Nouvelle-Aquitaine au Salon de l\u2019Agriculture lors\u00a0de laquelle Denis Baro, Pr\u00e9sident de Coop de France Nouvelle-Aquitaine, Jean-Pierre Raynaud, Vice-Pr\u00e9sident du Conseil R\u00e9gional de Nouvelle-Aquitaine, Dominique Graciet et Bruno Millet, respectivement\u00a0 Pr\u00e9sident et Directeur de la Chambre R\u00e9gionale d\u2019Agriculture Nouvelle-Aquitaine, ont pris la parole pour remercier les partenaires et les coop\u00e9ratives de leur\u00a0pr\u00e9sence, pr\u00e9senter la richesse de l\u2019agriculture en Nouvelle-Aquitaine et encourager la coop\u00e9ration interr\u00e9gionale.<\/p>\n<p>L\u2019inauguration du stand a \u00e9galement \u00e9t\u00e9 l\u2019occasion pour Coop de France Nouvelle-Aquitaine et les diff\u00e9rents partenaires\u00a0espagnols et portugais d\u2019organiser une d\u00e9gustation de leurs produits coop\u00e9ratifs sous signes officiels de la qualit\u00e9 et de\u00a0l\u2019origine afin de faire d\u00e9couvrir la diversit\u00e9 et la richesse de leur terroir.<\/p>\n<p>Le vendredi 18 mai, dernier jour du forum, les partenaires et les coop\u00e9ratives se sont rendus \u00e0 la cave coop\u00e9rative \u201cLes Vignerons d\u2019UniM\u00e9doc\u201c. Ils y ont d\u00e9couverts les bonnes pratiques de la coop\u00e9rative en termes de marketing intelligent et d\u2019\u00e9co-innovation avec une d\u00e9gustation comment\u00e9e de leur vin mais \u00e9galement avec un \u00e9chantillon du spectacle \u201cson et lumi\u00e8re\u201c du chai, montrant la volont\u00e9 de diversification vers l\u2019oenotourisme de la coop\u00e9rative.<\/p>\n<p>Le forum a permis aux partenaires AGROSMARTcoop et \u00e0 leurs coop\u00e9ratives de d\u00e9couvrir la diversit\u00e9 et la qualit\u00e9 des bonnes pratiques en \u00e9co-innovation et en marketing intelligent des coop\u00e9ratives agroalimentaires de Nouvelle-Aquitaine, et de\u00a0renforcer l\u2019intercoop\u00e9ration entre r\u00e9gions europ\u00e9ennes limitrophes en suscitant l\u2019int\u00e9r\u00eat de ces \u00e9changes pour booster la\u00a0comp\u00e9tivit\u00e9 de leurs coop\u00e9ratives.<\/p>\n","protected":false},"excerpt":{"rendered":"<p>Du 15 au 18 mai 2018, l&rsquo;AREPO &#8211; Association des R\u00e9gions Europ\u00e9ennes des Produits d&rsquo;Origine &#8211; a coordonn\u00e9 la 2\u00e8me \u00e9dition\u00a0du Forum Transnational AGROSMARTcoop en Nouvelle-Aquitaine, le forum d\u00e9di\u00e9 aux coop\u00e9ratives agroalimentaires pour\u00a0renforcer l\u2019innovation, la comp\u00e9titivit\u00e9 et l\u2019intercoop\u00e9ration. L\u2019\u00e9v\u00e9nement a \u00e9t\u00e9 organis\u00e9 en collaboration avec Coop de France\u00a0Nouvelle-Aquitaine pour la participation au Salon de l\u2019Agriculture [&hellip;]<\/p>\n","protected":false},"author":2,"featured_media":7960,"comment_status":"open","ping_status":"open","sticky":false,"template":"","format":"standard","meta":{"_bbp_topic_count":0,"_bbp_reply_count":0,"_bbp_total_topic_count":0,"_bbp_total_reply_count":0,"_bbp_voice_count":0,"_bbp_anonymous_reply_count":0,"_bbp_topic_count_hidden":0,"_bbp_reply_count_hidden":0,"_bbp_forum_subforum_count":0},"categories":[3],"tags":[],"_links":{"self":[{"href":"https:\/\/www.agrosmartglobal.eu\/fr\/wp-json\/wp\/v2\/posts\/7965"}],"collection":[{"href":"https:\/\/www.agrosmartglobal.eu\/fr\/wp-json\/wp\/v2\/posts"}],"about":[{"href":"https:\/\/www.agrosmartglobal.eu\/fr\/wp-json\/wp\/v2\/types\/post"}],"author":[{"embeddable":true,"href":"https:\/\/www.agrosmartglobal.eu\/fr\/wp-json\/wp\/v2\/users\/2"}],"replies":[{"embeddable":true,"href":"https:\/\/www.agrosmartglobal.eu\/fr\/wp-json\/wp\/v2\/comments?post=7965"}],"version-history":[{"count":1,"href":"https:\/\/www.agrosmartglobal.eu\/fr\/wp-json\/wp\/v2\/posts\/7965\/revisions"}],"predecessor-version":[{"id":7966,"href":"https:\/\/www.agrosmartglobal.eu\/fr\/wp-json\/wp\/v2\/posts\/7965\/revisions\/7966"}],"wp:featuredmedia":[{"embeddable":true,"href":"https:\/\/www.agrosmartglobal.eu\/fr\/wp-json\/wp\/v2\/media\/7960"}],"wp:attachment":[{"href":"https:\/\/www.agrosmartglobal.eu\/fr\/wp-json\/wp\/v2\/media?parent=7965"}],"wp:term":[{"taxonomy":"category","embeddable":true,"href":"https:\/\/www.agrosmartglobal.eu\/fr\/wp-json\/wp\/v2\/categories?post=7965"},{"taxonomy":"post_tag","embeddable":true,"href":"https:\/\/www.agrosmartglobal.eu\/fr\/wp-json\/wp\/v2\/tags?post=7965"}],"curies":[{"name":"wp","href":"https:\/\/api.w.org\/{rel}","templated":true}]}}