{"id":13560,"date":"2022-11-18T13:42:21","date_gmt":"2022-11-18T12:42:21","guid":{"rendered":"https:\/\/www.agrosmartglobal.eu\/?p=13560"},"modified":"2022-11-18T13:42:37","modified_gmt":"2022-11-18T12:42:37","slug":"confagri-a-accueilli-le-3eme-forum-transnational-du-projet-interregsudoe-agrosmartglobal-a-lisbonne","status":"publish","type":"post","link":"https:\/\/www.agrosmartglobal.eu\/fr\/2022\/11\/18\/confagri-a-accueilli-le-3eme-forum-transnational-du-projet-interregsudoe-agrosmartglobal-a-lisbonne\/","title":{"rendered":"CONFAGRI a accueilli le 3\u00e8me Forum Transnational du Projet InterregSudoe AGROSMARTglobal \u00e0 Lisbonne"},"content":{"rendered":"\n<p><strong>CONFAGRI<\/strong> a accueilli la 3\u00e8me \u00e9dition du Forum Transnational du Projet Global Interreg Sudoe AgroSmart, un \u00e9v\u00e9nement qui s&rsquo;est d\u00e9roul\u00e9 du 19 au 21 octobre, au si\u00e8ge de CONFAGRI \u00e0 Lisbonne, avec des partenaires europ\u00e9ens et portugais et des coop\u00e9ratives agricoles europ\u00e9ennes impliqu\u00e9es dans le projet.<\/p>\n<p>Pendant ces 3 jours, il y avait un lieu pour visiter Cooperfrutas, et d\u00e9couvrir son projet d&rsquo;entreprise, mais aussi les opportunit\u00e9s et les d\u00e9fis li\u00e9s au commerce et \u00e0 l&rsquo;internationalisation des produits d&rsquo;origine prot\u00e9g\u00e9e, comme la Ma\u00e7\u00e3 de Alcoba\u00e7a et la Pera Rocha do Oeste. Ce fut \u00e9galement l&rsquo;occasion de d\u00e9couvrir les vins et huiles d&rsquo;olive coop\u00e9ratifs et les viandes de races indig\u00e8nes.<\/p>\n<p>Des sujets tels que l&rsquo;\u00e9conomie circulaire et l&rsquo;efficacit\u00e9 \u00e9nerg\u00e9tique seront abord\u00e9s, cruciaux pour assurer la p\u00e9rennit\u00e9 du secteur.<\/p>\n<p><strong>Programme 19-20-21 octobre<\/strong><\/p>\n<p>Le <strong>premier jour du s\u00e9minaire (19 octobre)<\/strong> le projet comprenait l&rsquo;accueil des participants des partenaires europ\u00e9ens, suivi de la r\u00e9union de coordination du project.<\/p>\n<p>La <strong>deuxi\u00e8me journ\u00e9e de travail (20 octobre)<\/strong> a commenc\u00e9 \u00e0 10 heures du matin, par une <strong>visite \u00e0 la coop\u00e9rative COOPERFRUTAS<\/strong>, \u00e0 Alcoba\u00e7a, avec la participation de partenaires europ\u00e9ens et de repr\u00e9sentants des coop\u00e9ratives agricoles nationales impliqu\u00e9es dans le projet, o\u00f9 ils ont pr\u00e9sent\u00e9 et discut\u00e9 du projet de la coop\u00e9rative sur : le poids des exportations dans ce m\u00e9tier ; l&rsquo;engagement pour l&rsquo;\u00e9conomie circulaire et l&rsquo;efficacit\u00e9 \u00e9nerg\u00e9tique ; et sur les opportunit\u00e9s et les defis dans la commercialisation et l&rsquo;internationalisation de l&rsquo;Appellation d&rsquo;Origine Prot\u00e9g\u00e9e (AOP) Pera Rocha do Oeste et de l&rsquo;Indication G\u00e9ographique Prot\u00e9g\u00e9e (IGP) de Ma\u00e7\u00e3 de Alcoba\u00e7a.<\/p>\n<p>De retour \u00e0 Lisbonne, place \u00e0 une <strong>d\u00e9gustation de vins et d&rsquo;huiles d&rsquo;olive de coop\u00e9ratives portugaises, au si\u00e8ge de CONFAGRI<\/strong>, avec l&rsquo;intervention de <strong>FENADEGAS<\/strong> et <strong>Casa do Azeite<\/strong>.<\/p>\n<p>Le <strong>dernier jour du Forum (21 octobre)<\/strong>, s&rsquo;est tenu un s\u00e9minaire avec : la pr\u00e9sentation de la <strong>Plateforme \u00ab Market Access \u00bb<\/strong>, par un repr\u00e9sentant de la <strong>Commission Europ\u00e9enne<\/strong> ; la pr\u00e9sentation du projet <strong>AGROSMARTglobal<\/strong>, par <strong>AGACA ;<\/strong> et avec le projet <strong>TASTE PORTUGAL<\/strong>, une initiative de produits alimentaires ajout\u00e9s sur la plateforme Alibaba, pr\u00e9sent\u00e9e par l&rsquo;<strong>AICEP<\/strong>.<\/p>\n<p>Apr\u00e8s le caf\u00e9, <strong>FENADEGAS<\/strong> a fait une pr\u00e9sentation sur l&rsquo;<strong>internationalisation des vins portugais,<\/strong> suivie d&rsquo;une pr\u00e9sentation de <strong>PECNORDESTE<\/strong> sur la CARNES DA MONTANHA et l&rsquo;exp\u00e9rience de l&rsquo;utilisation du commerce \u00e9lectronique pour promouvoir la viande de races indig\u00e8nes portugaises.<\/p>\n<p>Le projet Iberico<strong> Farm to Fork<\/strong> a \u00e9galement \u00e9t\u00e9 pr\u00e9sent\u00e9, concernant le commerce \u00e9lectronique de porc destin\u00e9 au march\u00e9 chinois, par FPAS.<\/p>\n<p>La s\u00e9ance de travail s&rsquo;est termin\u00e9e par une d\u00e9gustation de viandes de races autochtones commercialis\u00e9es sur la plateforme \u00abCARNES DA MONTANHA\u00bb.<\/p>\n","protected":false},"excerpt":{"rendered":"<p>CONFAGRI a accueilli la 3\u00e8me \u00e9dition du Forum Transnational du Projet Global Interreg Sudoe AgroSmart, un \u00e9v\u00e9nement qui s&rsquo;est d\u00e9roul\u00e9 du 19 au 21 octobre, au si\u00e8ge de CONFAGRI \u00e0 Lisbonne, avec des partenaires europ\u00e9ens et portugais et des coop\u00e9ratives agricoles europ\u00e9ennes impliqu\u00e9es dans le projet. Pendant ces 3 jours, il y avait un lieu [&hellip;]<\/p>\n","protected":false},"author":2,"featured_media":13432,"comment_status":"open","ping_status":"open","sticky":false,"template":"","format":"standard","meta":{"_bbp_topic_count":0,"_bbp_reply_count":0,"_bbp_total_topic_count":0,"_bbp_total_reply_count":0,"_bbp_voice_count":0,"_bbp_anonymous_reply_count":0,"_bbp_topic_count_hidden":0,"_bbp_reply_count_hidden":0,"_bbp_forum_subforum_count":0},"categories":[3],"tags":[],"_links":{"self":[{"href":"https:\/\/www.agrosmartglobal.eu\/fr\/wp-json\/wp\/v2\/posts\/13560"}],"collection":[{"href":"https:\/\/www.agrosmartglobal.eu\/fr\/wp-json\/wp\/v2\/posts"}],"about":[{"href":"https:\/\/www.agrosmartglobal.eu\/fr\/wp-json\/wp\/v2\/types\/post"}],"author":[{"embeddable":true,"href":"https:\/\/www.agrosmartglobal.eu\/fr\/wp-json\/wp\/v2\/users\/2"}],"replies":[{"embeddable":true,"href":"https:\/\/www.agrosmartglobal.eu\/fr\/wp-json\/wp\/v2\/comments?post=13560"}],"version-history":[{"count":2,"href":"https:\/\/www.agrosmartglobal.eu\/fr\/wp-json\/wp\/v2\/posts\/13560\/revisions"}],"predecessor-version":[{"id":13562,"href":"https:\/\/www.agrosmartglobal.eu\/fr\/wp-json\/wp\/v2\/posts\/13560\/revisions\/13562"}],"wp:featuredmedia":[{"embeddable":true,"href":"https:\/\/www.agrosmartglobal.eu\/fr\/wp-json\/wp\/v2\/media\/13432"}],"wp:attachment":[{"href":"https:\/\/www.agrosmartglobal.eu\/fr\/wp-json\/wp\/v2\/media?parent=13560"}],"wp:term":[{"taxonomy":"category","embeddable":true,"href":"https:\/\/www.agrosmartglobal.eu\/fr\/wp-json\/wp\/v2\/categories?post=13560"},{"taxonomy":"post_tag","embeddable":true,"href":"https:\/\/www.agrosmartglobal.eu\/fr\/wp-json\/wp\/v2\/tags?post=13560"}],"curies":[{"name":"wp","href":"https:\/\/api.w.org\/{rel}","templated":true}]}}